{"id":1061,"date":"2023-09-08T13:56:29","date_gmt":"2023-09-08T12:56:29","guid":{"rendered":"https:\/\/www.gospelbilbao.es\/?p=1061"},"modified":"2023-10-09T10:47:25","modified_gmt":"2023-10-09T09:47:25","slug":"concierto-solidario-fiet-gratia-30-09-23","status":"publish","type":"post","link":"https:\/\/www.gospelbilbao.es\/?p=1061","title":{"rendered":"Concierto Solidario \u00abFiet Gratia\u00bb (30\/09\/23)"},"content":{"rendered":"\n<p>La m\u00fasica nos lleva a lugares que no creemos posibles. \u00a1<\/p>\n\n\n\n<p>Acompa\u00f1aros al Concierto solidario: Voces que no se pueden silenciar, donde el Coro Gospel Bilbao y los guitarristas internacionales Pablo Ortiz y Patrick Lanusse nos llevar\u00e1n a un viaje musical emocionante. <\/p>\n\n\n\n<p>Pero este evento es m\u00e1s que m\u00fasica; es una oportunidad para marcar la diferencia en la lucha contra la trata de seres humanos. Al comprar vuestras entradas, est\u00e1is contribuyendo directamente a la causa de Fiet Gratia y a nuestro incansable esfuerzo por erradicar esta horrible problem\u00e1tica. No os perd\u00e1is esta oportunidad \u00fanica de disfrutar de la m\u00fasica con prop\u00f3sito. <\/p>\n\n\n\n<p>Comprad vuestras entradas ahora y uniros a nosotros en esta importante lucha. <\/p>\n\n\n\n<p><a href=\"https:\/\/www.eventbrite.es\/e\/entradas-concierto-benefico-voces-que-no-se-pueden-silenciar-30-sep-714491993787?aff=oddtdtcreator\"><strong>Venta de entradas<\/strong> <strong>Online<\/strong><\/a><\/p>\n\n\n\n<p><strong>\u00a1Os esperamos!<\/strong><\/p>\n\n\n\n<p>Sal\u00f3n de Actos Colegio San Ignacio Jesuitakre<\/p>\n\n\n\n<p>Donostia<\/p>\n\n\n\n<p>S\u00e1bado, 30 de Septiembre de 2023<\/p>\n\n\n\n<p>18:00 horas<\/p>\n\n\n\n<figure class=\"wp-block-image size-full\"><a href=\"https:\/\/www.gospelbilbao.es\/wp-content\/uploads\/2023\/09\/PHOTO-2023-09-11-12-59-41.jpg\"><img decoding=\"async\" loading=\"lazy\" width=\"566\" height=\"800\" src=\"https:\/\/www.gospelbilbao.es\/wp-content\/uploads\/2023\/09\/PHOTO-2023-09-11-12-59-41.jpg\" alt=\"\" class=\"wp-image-1065\" srcset=\"https:\/\/www.gospelbilbao.es\/wp-content\/uploads\/2023\/09\/PHOTO-2023-09-11-12-59-41.jpg 566w, https:\/\/www.gospelbilbao.es\/wp-content\/uploads\/2023\/09\/PHOTO-2023-09-11-12-59-41-212x300.jpg 212w\" sizes=\"(max-width: 566px) 100vw, 566px\" \/><\/a><\/figure>\n","protected":false},"excerpt":{"rendered":"<p>La m\u00fasica nos lleva a lugares que no creemos posibles. \u00a1 Acompa\u00f1aros al Concierto solidario: Voces que no se pueden silenciar, donde el Coro Gospel Bilbao y los guitarristas internacionales Pablo Ortiz y Patrick Lanusse nos llevar\u00e1n a un viaje musical emocionante. Pero este evento es m\u00e1s que m\u00fasica; es una oportunidad para marcar la diferencia en la lucha contra la trata de seres humanos. Al comprar vuestras entradas, est\u00e1is contribuyendo directamente a la causa de Fiet Gratia y a nuestro incansable esfuerzo por erradicar esta horrible problem\u00e1tica. No os perd\u00e1is esta oportunidad \u00fanica de disfrutar de la m\u00fasica con prop\u00f3sito. Comprad vuestras entradas ahora y uniros a nosotros en esta importante lucha. Venta de entradas Online \u00a1Os esperamos! Sal\u00f3n de Actos Colegio San Ignacio Jesuitakre Donostia S\u00e1bado, 30 de Septiembre de 2023 18:00 horas<\/p>\n","protected":false},"author":1,"featured_media":1067,"comment_status":"open","ping_status":"open","sticky":false,"template":"","format":"standard","meta":[],"categories":[5],"tags":[],"_links":{"self":[{"href":"https:\/\/www.gospelbilbao.es\/index.php?rest_route=\/wp\/v2\/posts\/1061"}],"collection":[{"href":"https:\/\/www.gospelbilbao.es\/index.php?rest_route=\/wp\/v2\/posts"}],"about":[{"href":"https:\/\/www.gospelbilbao.es\/index.php?rest_route=\/wp\/v2\/types\/post"}],"author":[{"embeddable":true,"href":"https:\/\/www.gospelbilbao.es\/index.php?rest_route=\/wp\/v2\/users\/1"}],"replies":[{"embeddable":true,"href":"https:\/\/www.gospelbilbao.es\/index.php?rest_route=%2Fwp%2Fv2%2Fcomments&post=1061"}],"version-history":[{"count":2,"href":"https:\/\/www.gospelbilbao.es\/index.php?rest_route=\/wp\/v2\/posts\/1061\/revisions"}],"predecessor-version":[{"id":1068,"href":"https:\/\/www.gospelbilbao.es\/index.php?rest_route=\/wp\/v2\/posts\/1061\/revisions\/1068"}],"wp:featuredmedia":[{"embeddable":true,"href":"https:\/\/www.gospelbilbao.es\/index.php?rest_route=\/wp\/v2\/media\/1067"}],"wp:attachment":[{"href":"https:\/\/www.gospelbilbao.es\/index.php?rest_route=%2Fwp%2Fv2%2Fmedia&parent=1061"}],"wp:term":[{"taxonomy":"category","embeddable":true,"href":"https:\/\/www.gospelbilbao.es\/index.php?rest_route=%2Fwp%2Fv2%2Fcategories&post=1061"},{"taxonomy":"post_tag","embeddable":true,"href":"https:\/\/www.gospelbilbao.es\/index.php?rest_route=%2Fwp%2Fv2%2Ftags&post=1061"}],"curies":[{"name":"wp","href":"https:\/\/api.w.org\/{rel}","templated":true}]}}