{"id":1074,"date":"2023-11-08T15:20:38","date_gmt":"2023-11-08T14:20:38","guid":{"rendered":"https:\/\/www.gospelbilbao.es\/?p=1074"},"modified":"2023-11-28T17:32:13","modified_gmt":"2023-11-28T16:32:13","slug":"concierto-solidario-en-santander-25-11-23","status":"publish","type":"post","link":"https:\/\/www.gospelbilbao.es\/?p=1074","title":{"rendered":"Concierto Solidario en Santander (25\/11\/23)"},"content":{"rendered":"\n<p><strong>Paraninfo de La Magdalena (Santander)<\/strong><\/p>\n\n\n\n<p>Hora: 20:00<\/p>\n\n\n\n<p><\/p>\n\n\n\n<p>\u00a1Te invitamos a disfrutar de la energ\u00eda del g\u00f3spel y celebrar los 25 a\u00f1os de la Asociaci\u00f3n Nueva Vida!<\/p>\n\n\n\n<p><\/p>\n\n\n\n<p>Ser\u00e1 en el Paraninfo de La Magdalena de Santander, a las 20.00 horas.<\/p>\n\n\n\n<p><\/p>\n\n\n\n<p>La entrada al concierto es gratuita, hasta completar aforo, con aportaci\u00f3n voluntaria que se destinar\u00e1 a fines sociales.<\/p>\n\n\n\n<figure class=\"wp-block-image size-large\"><a href=\"https:\/\/www.gospelbilbao.es\/wp-content\/uploads\/2023\/11\/Cartel-Concierto-GOSPEL-BILBAO-en-Santander-scaled.jpg\"><img decoding=\"async\" loading=\"lazy\" width=\"724\" height=\"1024\" src=\"https:\/\/www.gospelbilbao.es\/wp-content\/uploads\/2023\/11\/Cartel-Concierto-GOSPEL-BILBAO-en-Santander-724x1024.jpg\" alt=\"\" class=\"wp-image-1075\" srcset=\"https:\/\/www.gospelbilbao.es\/wp-content\/uploads\/2023\/11\/Cartel-Concierto-GOSPEL-BILBAO-en-Santander-724x1024.jpg 724w, https:\/\/www.gospelbilbao.es\/wp-content\/uploads\/2023\/11\/Cartel-Concierto-GOSPEL-BILBAO-en-Santander-212x300.jpg 212w, https:\/\/www.gospelbilbao.es\/wp-content\/uploads\/2023\/11\/Cartel-Concierto-GOSPEL-BILBAO-en-Santander-768x1086.jpg 768w, https:\/\/www.gospelbilbao.es\/wp-content\/uploads\/2023\/11\/Cartel-Concierto-GOSPEL-BILBAO-en-Santander-1086x1536.jpg 1086w, https:\/\/www.gospelbilbao.es\/wp-content\/uploads\/2023\/11\/Cartel-Concierto-GOSPEL-BILBAO-en-Santander-1448x2048.jpg 1448w, https:\/\/www.gospelbilbao.es\/wp-content\/uploads\/2023\/11\/Cartel-Concierto-GOSPEL-BILBAO-en-Santander-scaled.jpg 1810w\" sizes=\"(max-width: 724px) 100vw, 724px\" \/><\/a><\/figure>\n","protected":false},"excerpt":{"rendered":"<p>Paraninfo de La Magdalena (Santander) Hora: 20:00 \u00a1Te invitamos a disfrutar de la energ\u00eda del g\u00f3spel y celebrar los 25 a\u00f1os de la Asociaci\u00f3n Nueva Vida! Ser\u00e1 en el Paraninfo de La Magdalena de Santander, a las 20.00 horas. La entrada al concierto es gratuita, hasta completar aforo, con aportaci\u00f3n voluntaria que se destinar\u00e1 a fines sociales.<\/p>\n","protected":false},"author":1,"featured_media":1076,"comment_status":"open","ping_status":"open","sticky":false,"template":"","format":"standard","meta":[],"categories":[5],"tags":[],"_links":{"self":[{"href":"https:\/\/www.gospelbilbao.es\/index.php?rest_route=\/wp\/v2\/posts\/1074"}],"collection":[{"href":"https:\/\/www.gospelbilbao.es\/index.php?rest_route=\/wp\/v2\/posts"}],"about":[{"href":"https:\/\/www.gospelbilbao.es\/index.php?rest_route=\/wp\/v2\/types\/post"}],"author":[{"embeddable":true,"href":"https:\/\/www.gospelbilbao.es\/index.php?rest_route=\/wp\/v2\/users\/1"}],"replies":[{"embeddable":true,"href":"https:\/\/www.gospelbilbao.es\/index.php?rest_route=%2Fwp%2Fv2%2Fcomments&post=1074"}],"version-history":[{"count":1,"href":"https:\/\/www.gospelbilbao.es\/index.php?rest_route=\/wp\/v2\/posts\/1074\/revisions"}],"predecessor-version":[{"id":1077,"href":"https:\/\/www.gospelbilbao.es\/index.php?rest_route=\/wp\/v2\/posts\/1074\/revisions\/1077"}],"wp:featuredmedia":[{"embeddable":true,"href":"https:\/\/www.gospelbilbao.es\/index.php?rest_route=\/wp\/v2\/media\/1076"}],"wp:attachment":[{"href":"https:\/\/www.gospelbilbao.es\/index.php?rest_route=%2Fwp%2Fv2%2Fmedia&parent=1074"}],"wp:term":[{"taxonomy":"category","embeddable":true,"href":"https:\/\/www.gospelbilbao.es\/index.php?rest_route=%2Fwp%2Fv2%2Fcategories&post=1074"},{"taxonomy":"post_tag","embeddable":true,"href":"https:\/\/www.gospelbilbao.es\/index.php?rest_route=%2Fwp%2Fv2%2Ftags&post=1074"}],"curies":[{"name":"wp","href":"https:\/\/api.w.org\/{rel}","templated":true}]}}