{"id":167,"date":"2015-02-09T12:49:17","date_gmt":"2015-02-09T12:49:17","guid":{"rendered":"http:\/\/www.gospelbilbao.es\/?p=167"},"modified":"2015-02-09T13:01:10","modified_gmt":"2015-02-09T13:01:10","slug":"conservatorio-de-musica-pro-stop-sanfilippo","status":"publish","type":"post","link":"https:\/\/www.gospelbilbao.es\/?p=167","title":{"rendered":"CONCIERTO: Conservatorio de M\u00fasica pro STOP SanFilippo (21\/05\/15)"},"content":{"rendered":"<blockquote><p><strong>Auditorio Conservatorio Juan Cris\u00f3stomo Arriaga de Bilbao<\/strong><\/p>\n<p><strong>Jueves, 21 de Mayo de 2015<\/strong><\/p>\n<p><strong>19:00 horas<\/strong><\/p>\n<p><strong>CONCIERTO BEN\u00c9FICO<\/strong> organizado por el Centro de Investigaci\u00f3n Musicoterap\u00e9utica de Bilbao (CIM),<\/p>\n<p>para ayudar a los ni\u00f1os SanFilippo y difundir los beneficios que ofrece la musicoterapia en estos casos.<\/p>\n<p><strong>ENTRADA GRATUITA<\/strong><\/p><\/blockquote>\n<p><a href=\"http:\/\/www.gospelbilbao.es\/wp-content\/uploads\/2015\/02\/10922664_1035034969844782_8633138502113227349_n.png\"><img decoding=\"async\" loading=\"lazy\" class=\"alignnone size-full wp-image-170\" src=\"http:\/\/www.gospelbilbao.es\/wp-content\/uploads\/2015\/02\/10922664_1035034969844782_8633138502113227349_n.png\" alt=\"10922664_1035034969844782_8633138502113227349_n\" width=\"480\" height=\"360\" srcset=\"https:\/\/www.gospelbilbao.es\/wp-content\/uploads\/2015\/02\/10922664_1035034969844782_8633138502113227349_n.png 480w, https:\/\/www.gospelbilbao.es\/wp-content\/uploads\/2015\/02\/10922664_1035034969844782_8633138502113227349_n-300x225.png 300w, https:\/\/www.gospelbilbao.es\/wp-content\/uploads\/2015\/02\/10922664_1035034969844782_8633138502113227349_n-258x194.png 258w, https:\/\/www.gospelbilbao.es\/wp-content\/uploads\/2015\/02\/10922664_1035034969844782_8633138502113227349_n-70x53.png 70w\" sizes=\"(max-width: 480px) 100vw, 480px\" \/><\/a><\/p>\n<p>&nbsp;<\/p>\n<p><a href=\"http:\/\/www.gospelbilbao.es\/wp-content\/uploads\/2015\/02\/auditorio.jpg\"><img decoding=\"async\" loading=\"lazy\" class=\"alignnone size-full wp-image-168\" src=\"http:\/\/www.gospelbilbao.es\/wp-content\/uploads\/2015\/02\/auditorio.jpg\" alt=\"auditorio\" width=\"327\" height=\"246\" srcset=\"https:\/\/www.gospelbilbao.es\/wp-content\/uploads\/2015\/02\/auditorio.jpg 327w, https:\/\/www.gospelbilbao.es\/wp-content\/uploads\/2015\/02\/auditorio-300x225.jpg 300w, https:\/\/www.gospelbilbao.es\/wp-content\/uploads\/2015\/02\/auditorio-258x194.jpg 258w, https:\/\/www.gospelbilbao.es\/wp-content\/uploads\/2015\/02\/auditorio-70x53.jpg 70w\" sizes=\"(max-width: 327px) 100vw, 327px\" \/><\/a><\/p>\n","protected":false},"excerpt":{"rendered":"<p>Auditorio Conservatorio Juan Cris\u00f3stomo Arriaga de Bilbao Jueves, 21 de Mayo de 2015 19:00 horas CONCIERTO BEN\u00c9FICO organizado por el Centro de Investigaci\u00f3n Musicoterap\u00e9utica de Bilbao (CIM), para ayudar a los ni\u00f1os SanFilippo y difundir los beneficios que ofrece la musicoterapia en estos casos. ENTRADA GRATUITA &nbsp;<\/p>\n","protected":false},"author":1,"featured_media":169,"comment_status":"open","ping_status":"open","sticky":false,"template":"","format":"standard","meta":[],"categories":[5],"tags":[],"_links":{"self":[{"href":"https:\/\/www.gospelbilbao.es\/index.php?rest_route=\/wp\/v2\/posts\/167"}],"collection":[{"href":"https:\/\/www.gospelbilbao.es\/index.php?rest_route=\/wp\/v2\/posts"}],"about":[{"href":"https:\/\/www.gospelbilbao.es\/index.php?rest_route=\/wp\/v2\/types\/post"}],"author":[{"embeddable":true,"href":"https:\/\/www.gospelbilbao.es\/index.php?rest_route=\/wp\/v2\/users\/1"}],"replies":[{"embeddable":true,"href":"https:\/\/www.gospelbilbao.es\/index.php?rest_route=%2Fwp%2Fv2%2Fcomments&post=167"}],"version-history":[{"count":6,"href":"https:\/\/www.gospelbilbao.es\/index.php?rest_route=\/wp\/v2\/posts\/167\/revisions"}],"predecessor-version":[{"id":185,"href":"https:\/\/www.gospelbilbao.es\/index.php?rest_route=\/wp\/v2\/posts\/167\/revisions\/185"}],"wp:featuredmedia":[{"embeddable":true,"href":"https:\/\/www.gospelbilbao.es\/index.php?rest_route=\/wp\/v2\/media\/169"}],"wp:attachment":[{"href":"https:\/\/www.gospelbilbao.es\/index.php?rest_route=%2Fwp%2Fv2%2Fmedia&parent=167"}],"wp:term":[{"taxonomy":"category","embeddable":true,"href":"https:\/\/www.gospelbilbao.es\/index.php?rest_route=%2Fwp%2Fv2%2Fcategories&post=167"},{"taxonomy":"post_tag","embeddable":true,"href":"https:\/\/www.gospelbilbao.es\/index.php?rest_route=%2Fwp%2Fv2%2Ftags&post=167"}],"curies":[{"name":"wp","href":"https:\/\/api.w.org\/{rel}","templated":true}]}}