{"id":204,"date":"2015-03-03T09:05:41","date_gmt":"2015-03-03T09:05:41","guid":{"rendered":"http:\/\/www.gospelbilbao.es\/?p=204"},"modified":"2015-03-23T17:00:33","modified_gmt":"2015-03-23T17:00:33","slug":"concierto-75o-aniversario-sociedad-schola-cantorum","status":"publish","type":"post","link":"https:\/\/www.gospelbilbao.es\/?p=204","title":{"rendered":"Concierto: 75\u00ba Aniversario Schola Cantorum (20\/06\/15)"},"content":{"rendered":"<blockquote><p>Concierto especial dentro de los actos del 75\u00ba Aniversario de la <em>Sociedad Schola Cantorum de Barakaldo:<\/em><\/p>\n<p><a href=\"https:\/\/www.facebook.com\/scholacantorum.barakaldo\" rel=\"nofollow\">https:\/\/www.facebook.com\/<wbr \/>scholacantorum.barakaldo<\/a><\/p>\n<p>La <strong>Schola Cantorum<\/strong> cumple este a\u00f1o 75 a\u00f1os desde su fundaci\u00f3n. 75 a\u00f1os haciendo m\u00fasica coral ininterrumpidamente. Gure Scholak 75 urte beteko bihar bertan. 75 urte musika egiten.<\/p>\n<p>Para celebrarlo hemos dise\u00f1ado un extenso programa con grupos musicales de gran nivel, que se desarrollar\u00e1 durante todo el 2015. Programa que os animamos a consultar en nuestra web y en nuestro Facebook. Urte osoaren zehar kontzertu ekitaldiak prestatu ditugu, gure web orrian, edota Facebooken kontsultatu ditzakezu.<\/p>\n<p>Parroquia de San Vicente (Barakaldo)<\/p>\n<p>S\u00e1bado, 20 de Junio de 2015<\/p>\n<p>20:30 horas<\/p>\n<p>Entrada Libre<\/p>\n<p>&nbsp;<\/p>\n<p><a href=\"http:\/\/www.gospelbilbao.es\/wp-content\/uploads\/2015\/03\/1907444_802485123178649_6161777384380694034_n.jpg\"><img decoding=\"async\" loading=\"lazy\" class=\"alignnone size-full wp-image-212\" src=\"http:\/\/www.gospelbilbao.es\/wp-content\/uploads\/2015\/03\/1907444_802485123178649_6161777384380694034_n.jpg\" alt=\"1907444_802485123178649_6161777384380694034_n\" width=\"610\" height=\"407\" srcset=\"https:\/\/www.gospelbilbao.es\/wp-content\/uploads\/2015\/03\/1907444_802485123178649_6161777384380694034_n.jpg 610w, https:\/\/www.gospelbilbao.es\/wp-content\/uploads\/2015\/03\/1907444_802485123178649_6161777384380694034_n-300x200.jpg 300w\" sizes=\"(max-width: 610px) 100vw, 610px\" \/><\/a><\/p>\n<p><a href=\"http:\/\/www.gospelbilbao.es\/wp-content\/uploads\/2015\/03\/barakaldo00.jpg\"><img decoding=\"async\" loading=\"lazy\" class=\"alignnone size-full wp-image-206\" src=\"http:\/\/www.gospelbilbao.es\/wp-content\/uploads\/2015\/03\/barakaldo00.jpg\" alt=\"barakaldo00\" width=\"640\" height=\"480\" srcset=\"https:\/\/www.gospelbilbao.es\/wp-content\/uploads\/2015\/03\/barakaldo00.jpg 640w, https:\/\/www.gospelbilbao.es\/wp-content\/uploads\/2015\/03\/barakaldo00-300x225.jpg 300w, https:\/\/www.gospelbilbao.es\/wp-content\/uploads\/2015\/03\/barakaldo00-258x194.jpg 258w, https:\/\/www.gospelbilbao.es\/wp-content\/uploads\/2015\/03\/barakaldo00-70x53.jpg 70w\" sizes=\"(max-width: 640px) 100vw, 640px\" \/><\/a><\/p><\/blockquote>\n","protected":false},"excerpt":{"rendered":"<p>Concierto especial dentro de los actos del 75\u00ba Aniversario de la Sociedad Schola Cantorum de Barakaldo: https:\/\/www.facebook.com\/scholacantorum.barakaldo La Schola Cantorum cumple este a\u00f1o 75 a\u00f1os desde su fundaci\u00f3n. 75 a\u00f1os haciendo m\u00fasica coral ininterrumpidamente. Gure Scholak 75 urte beteko bihar bertan. 75 urte musika egiten. Para celebrarlo hemos dise\u00f1ado un extenso programa con grupos musicales de gran nivel, que se desarrollar\u00e1 durante todo el 2015. Programa que os animamos a consultar en nuestra web y en nuestro Facebook. Urte osoaren zehar kontzertu ekitaldiak prestatu ditugu, gure web orrian, edota Facebooken kontsultatu ditzakezu. Parroquia de San Vicente (Barakaldo) S\u00e1bado, 20 de Junio de 2015 20:30 horas Entrada Libre &nbsp;<\/p>\n","protected":false},"author":1,"featured_media":212,"comment_status":"open","ping_status":"open","sticky":false,"template":"","format":"standard","meta":[],"categories":[5],"tags":[],"_links":{"self":[{"href":"https:\/\/www.gospelbilbao.es\/index.php?rest_route=\/wp\/v2\/posts\/204"}],"collection":[{"href":"https:\/\/www.gospelbilbao.es\/index.php?rest_route=\/wp\/v2\/posts"}],"about":[{"href":"https:\/\/www.gospelbilbao.es\/index.php?rest_route=\/wp\/v2\/types\/post"}],"author":[{"embeddable":true,"href":"https:\/\/www.gospelbilbao.es\/index.php?rest_route=\/wp\/v2\/users\/1"}],"replies":[{"embeddable":true,"href":"https:\/\/www.gospelbilbao.es\/index.php?rest_route=%2Fwp%2Fv2%2Fcomments&post=204"}],"version-history":[{"count":4,"href":"https:\/\/www.gospelbilbao.es\/index.php?rest_route=\/wp\/v2\/posts\/204\/revisions"}],"predecessor-version":[{"id":213,"href":"https:\/\/www.gospelbilbao.es\/index.php?rest_route=\/wp\/v2\/posts\/204\/revisions\/213"}],"wp:featuredmedia":[{"embeddable":true,"href":"https:\/\/www.gospelbilbao.es\/index.php?rest_route=\/wp\/v2\/media\/212"}],"wp:attachment":[{"href":"https:\/\/www.gospelbilbao.es\/index.php?rest_route=%2Fwp%2Fv2%2Fmedia&parent=204"}],"wp:term":[{"taxonomy":"category","embeddable":true,"href":"https:\/\/www.gospelbilbao.es\/index.php?rest_route=%2Fwp%2Fv2%2Fcategories&post=204"},{"taxonomy":"post_tag","embeddable":true,"href":"https:\/\/www.gospelbilbao.es\/index.php?rest_route=%2Fwp%2Fv2%2Ftags&post=204"}],"curies":[{"name":"wp","href":"https:\/\/api.w.org\/{rel}","templated":true}]}}