{"id":230,"date":"2015-04-30T15:27:43","date_gmt":"2015-04-30T15:27:43","guid":{"rendered":"http:\/\/www.gospelbilbao.es\/?p=230"},"modified":"2015-05-06T12:16:49","modified_gmt":"2015-05-06T12:16:49","slug":"concierto-solidario-spirituals-to-nepal-sala-bbk-260615","status":"publish","type":"post","link":"https:\/\/www.gospelbilbao.es\/?p=230","title":{"rendered":"Concierto Solidario: \u00abSPIRITUALS TO NEPAL\u00bb  (Sala BBK 26(06\/15)"},"content":{"rendered":"<p><a href=\"http:\/\/www.gospelbilbao.es\/wp-content\/uploads\/2015\/04\/bbe.jpg\"><img decoding=\"async\" loading=\"lazy\" class=\"alignnone size-large wp-image-231\" src=\"http:\/\/www.gospelbilbao.es\/wp-content\/uploads\/2015\/04\/bbe-1024x322.jpg\" alt=\"bbe\" width=\"1024\" height=\"322\" srcset=\"https:\/\/www.gospelbilbao.es\/wp-content\/uploads\/2015\/04\/bbe-1024x322.jpg 1024w, https:\/\/www.gospelbilbao.es\/wp-content\/uploads\/2015\/04\/bbe-300x94.jpg 300w, https:\/\/www.gospelbilbao.es\/wp-content\/uploads\/2015\/04\/bbe.jpg 1246w\" sizes=\"(max-width: 1024px) 100vw, 1024px\" \/><\/a><\/p>\n<p><strong>Bilbao Black Experience 2015<\/strong><br \/>\n<strong>Gospel Bilbao en Concierto<\/strong><\/p>\n<p>SALA BBK<br \/>\nViernes 26 de junio de 2015;<br \/>\n20:00 Horas<br \/>\nConcierto solidario: Spirituals to Nepal<br \/>\nEntrada: 7,00 \u20ac<\/p>\n<p>La sala BBK, Gospel Bilbao y Bilbao Black Experience ofrecen este concierto con fines solidarios en el que el 100% de la taquilla se destinar\u00e1 a ayudar a los damnificados por el terremoto de Nepal.<\/p>\n<p><strong>Musica Negra<\/strong><span class=\"text_exposed_show\"><br \/>\nLa m\u00fasica negra es un compendio de estilos musicales desarrollados por la sociedad afroamericana en el siglo XX, y que hoy resuena en todo este planeta. Desdel el blues al hip hop, pase\u00e1ndose por el gospel, jazz, soul, rock y el funk; una constelaci\u00f3n de verdaderas estrellas pueblan el cielo de la m\u00fasica negra, que contagia la vida diaria de nuestras calles.<\/span><\/p>\n<p><strong>Bilbao Black Experienc<\/strong>e es un festival que se caracteriza por extenderse por toda la villa y por nacer con la intenci\u00f3n de colaborar con distintas instituciones, locales de hoteler\u00eda y asociaciones.<br \/>\nLa m\u00fasica es el centro de este festival en el que tendr\u00e1n cabida el cine, los documentales, exposiciones, talleres, moda, y baile, con actividades para personas de gustos heterog\u00e9neos.<\/p>\n<p><a title=\"Concierto Solidario Sala BBK\" href=\"https:\/\/www.facebook.com\/events\/799699346792506\/\" target=\"_blank\">Evento Facebook<\/a><\/p>\n<p>&nbsp;<\/p>\n","protected":false},"excerpt":{"rendered":"<p>Bilbao Black Experience 2015 Gospel Bilbao en Concierto SALA BBK Viernes 26 de junio de 2015; 20:00 Horas Concierto solidario: Spirituals to Nepal Entrada: 7,00 \u20ac La sala BBK, Gospel Bilbao y Bilbao Black Experience ofrecen este concierto con fines solidarios en el que el 100% de la taquilla se destinar\u00e1 a ayudar a los damnificados por el terremoto de Nepal. Musica Negra La m\u00fasica negra es un compendio de estilos musicales desarrollados por la sociedad afroamericana en el siglo XX, y que hoy resuena en todo este planeta. Desdel el blues al hip hop, pase\u00e1ndose por el gospel, jazz, soul, rock y el funk; una constelaci\u00f3n de verdaderas estrellas pueblan el cielo de la m\u00fasica negra, que contagia la vida diaria de nuestras calles. Bilbao Black Experience es un festival que se caracteriza por extenderse por toda la villa y por nacer con la intenci\u00f3n de colaborar con distintas instituciones, locales de hoteler\u00eda y asociaciones. La m\u00fasica es el centro de este festival en el que tendr\u00e1n cabida el cine, los documentales, exposiciones, talleres, moda, y baile, con actividades para personas de gustos heterog\u00e9neos. Evento Facebook &nbsp;<\/p>\n","protected":false},"author":1,"featured_media":248,"comment_status":"open","ping_status":"open","sticky":false,"template":"","format":"standard","meta":[],"categories":[5],"tags":[],"_links":{"self":[{"href":"https:\/\/www.gospelbilbao.es\/index.php?rest_route=\/wp\/v2\/posts\/230"}],"collection":[{"href":"https:\/\/www.gospelbilbao.es\/index.php?rest_route=\/wp\/v2\/posts"}],"about":[{"href":"https:\/\/www.gospelbilbao.es\/index.php?rest_route=\/wp\/v2\/types\/post"}],"author":[{"embeddable":true,"href":"https:\/\/www.gospelbilbao.es\/index.php?rest_route=\/wp\/v2\/users\/1"}],"replies":[{"embeddable":true,"href":"https:\/\/www.gospelbilbao.es\/index.php?rest_route=%2Fwp%2Fv2%2Fcomments&post=230"}],"version-history":[{"count":4,"href":"https:\/\/www.gospelbilbao.es\/index.php?rest_route=\/wp\/v2\/posts\/230\/revisions"}],"predecessor-version":[{"id":240,"href":"https:\/\/www.gospelbilbao.es\/index.php?rest_route=\/wp\/v2\/posts\/230\/revisions\/240"}],"wp:featuredmedia":[{"embeddable":true,"href":"https:\/\/www.gospelbilbao.es\/index.php?rest_route=\/wp\/v2\/media\/248"}],"wp:attachment":[{"href":"https:\/\/www.gospelbilbao.es\/index.php?rest_route=%2Fwp%2Fv2%2Fmedia&parent=230"}],"wp:term":[{"taxonomy":"category","embeddable":true,"href":"https:\/\/www.gospelbilbao.es\/index.php?rest_route=%2Fwp%2Fv2%2Fcategories&post=230"},{"taxonomy":"post_tag","embeddable":true,"href":"https:\/\/www.gospelbilbao.es\/index.php?rest_route=%2Fwp%2Fv2%2Ftags&post=230"}],"curies":[{"name":"wp","href":"https:\/\/api.w.org\/{rel}","templated":true}]}}