{"id":614,"date":"2017-08-08T08:18:59","date_gmt":"2017-08-08T08:18:59","guid":{"rendered":"http:\/\/www.gospelbilbao.es\/?p=614"},"modified":"2017-08-08T08:19:18","modified_gmt":"2017-08-08T08:19:18","slug":"imagenes-concierto-teatro-campos-eliseos-23-junio-2017","status":"publish","type":"post","link":"https:\/\/www.gospelbilbao.es\/?p=614","title":{"rendered":"Im\u00e1genes Concierto Teatro Campos El\u00edseos (23 Junio 2017)"},"content":{"rendered":"<p><strong>Concierto Teatro Campos El\u00edseos<\/strong><\/p>\n<p>Tenemos las im\u00e1genes disponibles en nuestro <a href=\"https:\/\/www.facebook.com\/pg\/GospelBilbao\/photos\/?tab=album&amp;album_id=1820195001328771\" target=\"_blank\">Facebook<\/a><\/p>\n<p><a href=\"http:\/\/www.gospelbilbao.es\/wp-content\/uploads\/2017\/08\/20368804_1820195441328727_5948967687035876006_o.jpg\"><img decoding=\"async\" loading=\"lazy\" class=\"alignnone size-content wp-image-611\" src=\"http:\/\/www.gospelbilbao.es\/wp-content\/uploads\/2017\/08\/20368804_1820195441328727_5948967687035876006_o-578x246.jpg\" alt=\"20368804_1820195441328727_5948967687035876006_o\" width=\"578\" height=\"246\" srcset=\"https:\/\/www.gospelbilbao.es\/wp-content\/uploads\/2017\/08\/20368804_1820195441328727_5948967687035876006_o-578x246.jpg 578w, https:\/\/www.gospelbilbao.es\/wp-content\/uploads\/2017\/08\/20368804_1820195441328727_5948967687035876006_o-940x400.jpg 940w\" sizes=\"(max-width: 578px) 100vw, 578px\" \/><\/a><\/p>\n","protected":false},"excerpt":{"rendered":"<p>Concierto Teatro Campos El\u00edseos Tenemos las im\u00e1genes disponibles en nuestro Facebook<\/p>\n","protected":false},"author":1,"featured_media":604,"comment_status":"open","ping_status":"open","sticky":false,"template":"","format":"standard","meta":[],"categories":[4],"tags":[],"_links":{"self":[{"href":"https:\/\/www.gospelbilbao.es\/index.php?rest_route=\/wp\/v2\/posts\/614"}],"collection":[{"href":"https:\/\/www.gospelbilbao.es\/index.php?rest_route=\/wp\/v2\/posts"}],"about":[{"href":"https:\/\/www.gospelbilbao.es\/index.php?rest_route=\/wp\/v2\/types\/post"}],"author":[{"embeddable":true,"href":"https:\/\/www.gospelbilbao.es\/index.php?rest_route=\/wp\/v2\/users\/1"}],"replies":[{"embeddable":true,"href":"https:\/\/www.gospelbilbao.es\/index.php?rest_route=%2Fwp%2Fv2%2Fcomments&post=614"}],"version-history":[{"count":1,"href":"https:\/\/www.gospelbilbao.es\/index.php?rest_route=\/wp\/v2\/posts\/614\/revisions"}],"predecessor-version":[{"id":615,"href":"https:\/\/www.gospelbilbao.es\/index.php?rest_route=\/wp\/v2\/posts\/614\/revisions\/615"}],"wp:featuredmedia":[{"embeddable":true,"href":"https:\/\/www.gospelbilbao.es\/index.php?rest_route=\/wp\/v2\/media\/604"}],"wp:attachment":[{"href":"https:\/\/www.gospelbilbao.es\/index.php?rest_route=%2Fwp%2Fv2%2Fmedia&parent=614"}],"wp:term":[{"taxonomy":"category","embeddable":true,"href":"https:\/\/www.gospelbilbao.es\/index.php?rest_route=%2Fwp%2Fv2%2Fcategories&post=614"},{"taxonomy":"post_tag","embeddable":true,"href":"https:\/\/www.gospelbilbao.es\/index.php?rest_route=%2Fwp%2Fv2%2Ftags&post=614"}],"curies":[{"name":"wp","href":"https:\/\/api.w.org\/{rel}","templated":true}]}}