{"id":965,"date":"2022-11-25T09:00:23","date_gmt":"2022-11-25T08:00:23","guid":{"rendered":"https:\/\/www.gospelbilbao.es\/?p=965"},"modified":"2023-03-21T11:11:08","modified_gmt":"2023-03-21T10:11:08","slug":"concierto-solidario-a-favor-de-bidesari-10-12-22","status":"publish","type":"post","link":"https:\/\/www.gospelbilbao.es\/?p=965","title":{"rendered":"Concierto Solidario a favor de BIDESARI (10\/12\/22)"},"content":{"rendered":"\n<p>Concierto Solidario a favor de BIDESARI<\/p>\n\n\n\n<p>Auditorio Escuela de M\u00fasico Andr\u00e9s Isasi (Getxo)<\/p>\n\n\n\n<p>S\u00e1bado, 10 de Diciembre de 202219:30 horas<\/p>\n\n\n\n<p>Entradas: 10\u20ac (en Taquilla Auditorio)<\/p>\n\n\n\n<p><\/p>\n\n\n\n<p>BIDESARI<\/p>\n\n\n\n<p>En la Asociaci\u00f3n Bidesari de Pastoral Penitenciaria acompa\u00f1amos a personas privadas de libertad a lo largo de todo un proceso de cambio y lo hacemos:<\/p>\n\n\n\n<p>Porque creemos en las personas y en su capacidad de cambioPorque creemos en las segundas oportunidades y que con la ayuda y los acompa\u00f1amientos precisos es posible romper las barreras que mantienen la exclusi\u00f3n.<\/p>\n\n\n\n<p>Porque nos resistimos a creer que pueda haber vidas condenadas al fracaso y al aislamiento para siempre.<\/p>\n\n\n\n<p>Porque constatamos la insuficiencia de las penas privativas de libertad y del internamiento penitenciario como medidas para la reeducaci\u00f3n y reinserci\u00f3n social.<\/p>\n\n\n\n<p>Porque creemos que se pueden construir puentes entre quienes est\u00e1n en la c\u00e1rcel y quienes est\u00e1n fuera para as\u00ed construir una sociedad m\u00e1s inclusiva.<\/p>\n\n\n\n<p><a rel=\"noreferrer noopener\" href=\"https:\/\/l.facebook.com\/l.php?u=https%3A%2F%2Fbidesari.org%2F&amp;h=AT0XzXA0AP2A1-wr0rbVQ5z0DR19bZU0B3fpIdmtniqUFoUR2EmLPOEKJ1YEVyj9Ck7pMcH1Pi3cP2_qRLblxyq24IodnSRA04_to4lRGYkosju1nuXjokqZDEJuhEH3gSMrMZcAp7EIlX_QGCd9&amp;__tn__=-UK-R&amp;c[0]=AT1-ccbAmHANhux5sf_xVSXeKfSUJL_L75-kKXWgRwPp_0NiCrG6913LARam1ZMLJtoBKiWNeumwpvqOYOYglrnIDeMRUgiVkqDf9dWPsXNOuKhClplqMwPlf2eDHOPaJyv7VRecHyppbwq_fcdvppTzpXk2rbkycFwfwMr_5pkYX2Z2nHgsfyNskhGyNQtupgRMYAaukNF7NKTLQj9ngN4tJ9lmK_BOhw8A\" target=\"_blank\">https:\/\/bidesari.org\/<\/a><\/p>\n\n\n\n<p><\/p>\n\n\n\n<figure class=\"wp-block-image size-large\"><a href=\"https:\/\/www.gospelbilbao.es\/wp-content\/uploads\/2022\/11\/GospelBilbao_AndresISasi_2022-12-10_v1.jpg\"><img decoding=\"async\" loading=\"lazy\" width=\"768\" height=\"1024\" src=\"https:\/\/www.gospelbilbao.es\/wp-content\/uploads\/2022\/11\/GospelBilbao_AndresISasi_2022-12-10_v1-768x1024.jpg\" alt=\"\" class=\"wp-image-966\" srcset=\"https:\/\/www.gospelbilbao.es\/wp-content\/uploads\/2022\/11\/GospelBilbao_AndresISasi_2022-12-10_v1-768x1024.jpg 768w, https:\/\/www.gospelbilbao.es\/wp-content\/uploads\/2022\/11\/GospelBilbao_AndresISasi_2022-12-10_v1-225x300.jpg 225w, https:\/\/www.gospelbilbao.es\/wp-content\/uploads\/2022\/11\/GospelBilbao_AndresISasi_2022-12-10_v1.jpg 1008w\" sizes=\"(max-width: 768px) 100vw, 768px\" \/><\/a><\/figure>\n","protected":false},"excerpt":{"rendered":"<p>Concierto Solidario a favor de BIDESARI Auditorio Escuela de M\u00fasico Andr\u00e9s Isasi (Getxo) S\u00e1bado, 10 de Diciembre de 202219:30 horas Entradas: 10\u20ac (en Taquilla Auditorio) BIDESARI En la Asociaci\u00f3n Bidesari de Pastoral Penitenciaria acompa\u00f1amos a personas privadas de libertad a lo largo de todo un proceso de cambio y lo hacemos: Porque creemos en las personas y en su capacidad de cambioPorque creemos en las segundas oportunidades y que con la ayuda y los acompa\u00f1amientos precisos es posible romper las barreras que mantienen la exclusi\u00f3n. Porque nos resistimos a creer que pueda haber vidas condenadas al fracaso y al aislamiento para siempre. Porque constatamos la insuficiencia de las penas privativas de libertad y del internamiento penitenciario como medidas para la reeducaci\u00f3n y reinserci\u00f3n social. Porque creemos que se pueden construir puentes entre quienes est\u00e1n en la c\u00e1rcel y quienes est\u00e1n fuera para as\u00ed construir una sociedad m\u00e1s inclusiva. https:\/\/bidesari.org\/<\/p>\n","protected":false},"author":1,"featured_media":967,"comment_status":"open","ping_status":"open","sticky":false,"template":"","format":"standard","meta":[],"categories":[5],"tags":[],"_links":{"self":[{"href":"https:\/\/www.gospelbilbao.es\/index.php?rest_route=\/wp\/v2\/posts\/965"}],"collection":[{"href":"https:\/\/www.gospelbilbao.es\/index.php?rest_route=\/wp\/v2\/posts"}],"about":[{"href":"https:\/\/www.gospelbilbao.es\/index.php?rest_route=\/wp\/v2\/types\/post"}],"author":[{"embeddable":true,"href":"https:\/\/www.gospelbilbao.es\/index.php?rest_route=\/wp\/v2\/users\/1"}],"replies":[{"embeddable":true,"href":"https:\/\/www.gospelbilbao.es\/index.php?rest_route=%2Fwp%2Fv2%2Fcomments&post=965"}],"version-history":[{"count":1,"href":"https:\/\/www.gospelbilbao.es\/index.php?rest_route=\/wp\/v2\/posts\/965\/revisions"}],"predecessor-version":[{"id":968,"href":"https:\/\/www.gospelbilbao.es\/index.php?rest_route=\/wp\/v2\/posts\/965\/revisions\/968"}],"wp:featuredmedia":[{"embeddable":true,"href":"https:\/\/www.gospelbilbao.es\/index.php?rest_route=\/wp\/v2\/media\/967"}],"wp:attachment":[{"href":"https:\/\/www.gospelbilbao.es\/index.php?rest_route=%2Fwp%2Fv2%2Fmedia&parent=965"}],"wp:term":[{"taxonomy":"category","embeddable":true,"href":"https:\/\/www.gospelbilbao.es\/index.php?rest_route=%2Fwp%2Fv2%2Fcategories&post=965"},{"taxonomy":"post_tag","embeddable":true,"href":"https:\/\/www.gospelbilbao.es\/index.php?rest_route=%2Fwp%2Fv2%2Ftags&post=965"}],"curies":[{"name":"wp","href":"https:\/\/api.w.org\/{rel}","templated":true}]}}